{"id":1187,"date":"2015-02-08T10:35:09","date_gmt":"2015-02-08T09:35:09","guid":{"rendered":"https:\/\/www.dismelodie.be\/blog\/?p=1187"},"modified":"2021-06-04T17:09:49","modified_gmt":"2021-06-04T15:09:49","slug":"melodie-aux-parllantes-le-8-mars-2015","status":"publish","type":"post","link":"https:\/\/www.dismelodie.be\/blog\/melodie-aux-parllantes-le-8-mars-2015\/","title":{"rendered":"M\u00e9lodie aux Parlantes le 8 mars 2015"},"content":{"rendered":"<p><img loading=\"lazy\" class=\"size-full wp-image-1189 alignleft\" title=\"parlantes\" src=\"https:\/\/www.dismelodie.be\/blog\/wp-content\/uploads\/2015\/02\/parlantes1.png\" alt=\"\" width=\"191\" height=\"194\" \/><\/p>\n<p>Dis, est-ce que \u00e7a repousse les ailes ?<\/p>\n<p>de <a href=\"http:\/\/www.lesparlantes.be\/2015\/auteurs.php#JacquesBrigitte\">Brigitte Jacques<\/a><\/p>\n<p>par <a href=\"http:\/\/www.lesparlantes.be\/2015\/lecteurs.php#BrahySarah\">Sarah Brahy<\/a><\/p>\n<p>Avec accompagnement de Madeleine Jacques au violon<\/p>\n<p>&nbsp;<\/p>\n<p style=\"padding-left: 30px;\">\u00ab Je connais un endroit o\u00f9 le soleil s\u2019attarde et se recueille<br \/>\no\u00f9 le vent passe comme une caresse,<br \/>\no\u00f9 loin du monde, le silence a une \u00e2me\u2026 \u00bb<\/p>\n<p style=\"padding-left: 30px;\">Ainsi commence l\u2019histoire de la rencontre entre une petite fille et un oiseau blanc.<br \/>\nLeur dialogue ouvre les portes des cages qui nous enferment traverse nos orages, nous conduit \u00e0 retrouver notre altitude\u2026<\/p>\n<p style=\"padding-left: 30px;\">Un conte entre m\u00e9ditation et sagesse, un petit Prince des temps modernes.<br \/>\nUn chant d\u2019esp\u00e9rance dans un monde assoiff\u00e9 de lumi\u00e8res int\u00e9rieures.<br \/>\nUn livre qui revalide les c\u0153urs et les ailes.<\/p>\n<p style=\"padding-left: 30px;\"><em>\u00ab Ce livre au format inattendu, \u00e0 l\u2019impression pr\u00e9cieuse cette m\u00e9ditation po\u00e9tique, ce dialogue avec un oiseau plein de sagesse et de paysages, m\u2019a infiniment plu. \u00bb<\/em><\/p>\n<p style=\"padding-left: 30px;\">Maurice Druon<\/p>\n<p style=\"padding-left: 30px;\"><em>\u00ab M\u00e9lodie me racontait la suite du Petit Prince\u2026 les ailes de St Exup\u00e9ry ne sont pas loin\u2026 cadeau. \u00bb<\/em><\/p>\n<p style=\"padding-left: 30px;\">Anna Gavalda<\/p>\n<p>&nbsp;<\/p>\n<p><img loading=\"lazy\" class=\"size-full wp-image-1197 alignleft\" title=\"JacquesBrigitte-list\" src=\"https:\/\/www.dismelodie.be\/blog\/wp-content\/uploads\/2015\/02\/JacquesBrigitte-list.jpg\" alt=\"\" width=\"140\" height=\"200\" \/>Auteure du conte philosophique <em>Dis, est-ce que \u00e7a repousse les ailes ?<\/em>, Brigitte Jacques habite Heusy en province de Li\u00e8ge. Ses plus belles \u00e9motions reli\u00e9es \u00e0 ce livre sont les courriers bouleversants des lecteurs, sa rencontre avec l\u2019acad\u00e9micien Maurice Druon, la magie des liens tiss\u00e9s dans cette belle aventure humaine et le tandem avec l\u2019illustratrice, sa fille Aur\u00e9lia.<\/p>\n<p>Elle est aussi passionn\u00e9e par la photographie et les reportages. Peu conventionnelle, fantaisiste, la t\u00eate dans les \u00e9toiles mais les pieds sur terre, ses mots pr\u00e9f\u00e9r\u00e9s de la langue fran\u00e7aise sont : tendresse, lumi\u00e8re, passerelle, \u00e9lan, empathie\u2026 A l\u2019image de son \u00e9criture.<\/p>\n<p>&nbsp;<\/p>\n<p><img loading=\"lazy\" class=\"size-full wp-image-1198 alignleft\" title=\"BrahySarah-list\" src=\"https:\/\/www.dismelodie.be\/blog\/wp-content\/uploads\/2015\/02\/BrahySarah-list.jpg\" alt=\"\" width=\"140\" height=\"200\" \/>Sarah Brahy est n\u00e9e \u00e0 Charleroi en 1982. Son parcours l\u2019am\u00e8ne \u00e0 Li\u00e8ge pour se former au jeu. Elle sort de l\u2019Esact en 2006. D\u00e8s sa sortie, Sarah fait ses armes aupr\u00e8s de Carlo Boso, Charlie Degotte, Guy Pion et le Th\u00e9\u00e2tre de l\u2019\u00e9veil en passant tour \u00e0 tour du registre comique au drame, de la pi\u00e8ce de r\u00e9pertoire au spectacle de cr\u00e9ation. A c\u00f4t\u00e9 de son travail d\u2019actrice, Sarah cr\u00e9e sa compagnie Les 2 Frida avec Aline Mahaux. Avec Les 2 Frida, Sarah se met \u00e0 l\u2019\u00e9criture et la mise en sc\u00e8ne. Elle pr\u00e9sente son premier spectacle de cr\u00e9ation en 2011, <em>Ajuste tes pens\u00e9es petite soeur<\/em>, qui sera nomin\u00e9 aux prix de la critique en 2012 dans les cat\u00e9gories spectacle d\u00e9couverte et jeune espoir.<\/p>\n<p>R\u00e9cemment, on a pu la voir dans <em>La Virevolte<\/em>, une adaptation du roman de Nancy Huston, mis en sc\u00e8ne et adapt\u00e9 par Isabelle Jonniaux \u00e0 l&rsquo;Atelier 210 ainsi que dans <em>Supernova<\/em>, une pi\u00e8ce de Catherine Daele mise en sc\u00e8ne par C\u00e9line Delbecq. Sarah travaille actuellement \u00e0 la pr\u00e9paration de sa prochaine cr\u00e9ation th\u00e9\u00e2trale, <em>Zebra Finch<\/em>, et accompagnera le travail de la compagnie li\u00e9geoise Cie Esp\u00e8ces de\u2026<\/p>\n<p>&nbsp;<\/p>\n<p><span style=\"text-decoration: underline;\">Infos pratiques<\/span><\/p>\n<p><img loading=\"lazy\" class=\"size-full wp-image-1196 alignleft\" style=\"color: #333333; font-style: normal;\" title=\"Mused39Ans1390297940-list\" src=\"https:\/\/www.dismelodie.be\/blog\/wp-content\/uploads\/2015\/02\/Mused39Ans1390297940-list.jpg\" alt=\"\" width=\"140\" height=\"200\" \/>le dimanche 8 mars 2015<br \/>\n\u00e0 11h00<br \/>\ndur\u00e9e : 30 min.<\/p>\n<p><a href=\"http:\/\/www.grandcurtiusliege.be\/histoire-et-architecture\/le-quartier\/le-musee-d2019ansembourg\">Mus\u00e9e d&rsquo;Ansembourg<br \/>\n<\/a>Feronstr\u00e9e 114, 4000 Li\u00e8ge<\/p>\n","protected":false},"excerpt":{"rendered":"<p>Dis, est-ce que \u00e7a repousse les ailes ? de Brigitte Jacques par Sarah Brahy Avec accompagnement de Madeleine Jacques au violon &nbsp; \u00ab Je connais un endroit o\u00f9 le soleil s\u2019attarde et se recueille o\u00f9 le vent passe comme une &hellip; <a href=\"https:\/\/www.dismelodie.be\/blog\/melodie-aux-parllantes-le-8-mars-2015\/\">Continuer la lecture <span class=\"meta-nav\">&rarr;<\/span><\/a><\/p>\n","protected":false},"author":1,"featured_media":0,"comment_status":"closed","ping_status":"open","sticky":false,"template":"","format":"standard","meta":[],"categories":[11],"tags":[],"_links":{"self":[{"href":"https:\/\/www.dismelodie.be\/blog\/wp-json\/wp\/v2\/posts\/1187"}],"collection":[{"href":"https:\/\/www.dismelodie.be\/blog\/wp-json\/wp\/v2\/posts"}],"about":[{"href":"https:\/\/www.dismelodie.be\/blog\/wp-json\/wp\/v2\/types\/post"}],"author":[{"embeddable":true,"href":"https:\/\/www.dismelodie.be\/blog\/wp-json\/wp\/v2\/users\/1"}],"replies":[{"embeddable":true,"href":"https:\/\/www.dismelodie.be\/blog\/wp-json\/wp\/v2\/comments?post=1187"}],"version-history":[{"count":19,"href":"https:\/\/www.dismelodie.be\/blog\/wp-json\/wp\/v2\/posts\/1187\/revisions"}],"predecessor-version":[{"id":1351,"href":"https:\/\/www.dismelodie.be\/blog\/wp-json\/wp\/v2\/posts\/1187\/revisions\/1351"}],"wp:attachment":[{"href":"https:\/\/www.dismelodie.be\/blog\/wp-json\/wp\/v2\/media?parent=1187"}],"wp:term":[{"taxonomy":"category","embeddable":true,"href":"https:\/\/www.dismelodie.be\/blog\/wp-json\/wp\/v2\/categories?post=1187"},{"taxonomy":"post_tag","embeddable":true,"href":"https:\/\/www.dismelodie.be\/blog\/wp-json\/wp\/v2\/tags?post=1187"}],"curies":[{"name":"wp","href":"https:\/\/api.w.org\/{rel}","templated":true}]}}